{"id":29478,"date":"2026-08-31T11:45:04","date_gmt":"2026-08-31T15:45:04","guid":{"rendered":"https:\/\/messi.com\/?p=29478"},"modified":"2026-08-31T11:45:04","modified_gmt":"2026-08-31T15:45:04","slug":"gracias-a-dios-por-hacerme-argentino-vamos-argentina","status":"publish","type":"post","link":"https:\/\/messi.com\/ca\/gracias-a-dios-por-hacerme-argentino-vamos-argentina\/","title":{"rendered":"GRACIAS A DIOS POR HACERME ARGENTINO: \u00a1VAMOS ARGENTINA!"},"content":{"rendered":"<div id=\"pl-29478\"  class=\"panel-layout\" ><div id=\"pg-29478-0\"  class=\"panel-grid panel-no-style\" ><div id=\"pgc-29478-0-0\"  class=\"panel-grid-cell\" ><div id=\"panel-29478-0-0-0\" class=\"so-panel widget widget_sow-editor panel-first-child panel-last-child\" data-index=\"0\" ><div class=\"text-noti panel-widget-style panel-widget-style-for-29478-0-0-0\" ><div\n\t\t\t\n\t\t\tclass=\"so-widget-sow-editor so-widget-sow-editor-base\"\n\t\t\t\n\t\t>\n<div class=\"siteorigin-widget-tinymce textwidget\">\n\t<p>Despr\u00e9s de tot aquest temps que ha passat des de la final, i despr\u00e9s de pensar-hi molt, vull comunicar-vos a tots que em retiro de la Selecci\u00f3\u2026<\/p>\n<p>Va ser una decisi\u00f3 que va fer mal \u2014 i encara en fa \u2014 a l\u2019\u00e0nima, per\u00f2 entenc que \u00e9s el moment. Us juro que sempre ho vaig donar tot, no nom\u00e9s aquests \u00faltims anys en qu\u00e8 es va guanyar tot, sin\u00f3 tamb\u00e9 abans. Sempre vaig lluitar i ho vaig donar tot per aquesta samarreta, per donar-vos alegries i fer que us sent\u00edssiu orgullosos de ser argentins a trav\u00e9s del futbol.<\/p>\n<p>Queda poc i les etapes es van tancant, i aquesta \u00e9s una que em fa molt de mal. Estimo, he estimat i estimar\u00e9 sempre formar part de la Selecci\u00f3. M\u2019he buidat; ja no tinc res m\u00e9s per donar, i a m\u00e9s venen nois molt bons darrere que mereixen estar-hi.<\/p>\n<p>Gr\u00e0cies per tot l\u2019afecte d\u2019aquests 20 anys. Trobar\u00e9 molt a faltar escoltar-vos des de dins del camp. Ara ser\u00e9 un m\u00e9s de vosaltres, animant i donant suport des de fora (en les bones i en les dolentes, encara m\u00e9s).<\/p>\n<p>Gr\u00e0cies a la meva fam\u00edlia per ser-hi sempre, per acompanyar-me en aquest viatge tan bonic per\u00f2 dif\u00edcil. Gr\u00e0cies a cada entrenador, company i dirigent amb qui he tingut la sort de compartir. M\u2019enduc records i moments inoblidables viscuts.<\/p>\n<p>Me\u2019n vaig amb la tranquil\u00b7litat i l\u2019orgull d\u2019haver-vos regalat, juntament amb els meus companys, moments somiats. Va ser una bogeria haver-ho viscut amb vosaltres. Us estimo.<\/p>\n<p>Gr\u00e0cies, D\u00e9u, per fer-me argent\u00ed.<\/p>\n<p>Visca l\u2019Argentina!<\/p>\n<p><em>*Aquestes paraules les vaig escriure el 21 de juliol, dos dies despr\u00e9s de la final. Avui, despr\u00e9s del que ha passat amb el meu pare, n\u2019estic encara m\u00e9s conven\u00e7ut que abans.<\/em><\/p>\n<\/div>\n<\/div><\/div><\/div><\/div><\/div><\/div>","protected":false},"excerpt":{"rendered":"<p>Despr\u00e9s de tot aquest temps que ha passat des de la final, i despr\u00e9s de pensar-hi molt, vull comunicar-vos a [&hellip;]<\/p>\n","protected":false},"author":10,"featured_media":29481,"comment_status":"closed","ping_status":"open","sticky":false,"template":"","format":"standard","meta":{"_acf_changed":false,"_genesis_hide_title":false,"_genesis_hide_breadcrumbs":false,"_genesis_hide_singular_image":false,"_genesis_hide_footer_widgets":false,"_genesis_custom_body_class":"","_genesis_custom_post_class":"","_genesis_layout":"","footnotes":""},"categories":[46],"tags":[],"class_list":{"0":"post-29478","1":"post","2":"type-post","3":"status-publish","4":"format-standard","5":"has-post-thumbnail","7":"category-noticias-ca","8":"entry"},"acf":[],"_links":{"self":[{"href":"https:\/\/messi.com\/ca\/wp-json\/wp\/v2\/posts\/29478","targetHints":{"allow":["GET"]}}],"collection":[{"href":"https:\/\/messi.com\/ca\/wp-json\/wp\/v2\/posts"}],"about":[{"href":"https:\/\/messi.com\/ca\/wp-json\/wp\/v2\/types\/post"}],"author":[{"embeddable":true,"href":"https:\/\/messi.com\/ca\/wp-json\/wp\/v2\/users\/10"}],"replies":[{"embeddable":true,"href":"https:\/\/messi.com\/ca\/wp-json\/wp\/v2\/comments?post=29478"}],"version-history":[{"count":1,"href":"https:\/\/messi.com\/ca\/wp-json\/wp\/v2\/posts\/29478\/revisions"}],"predecessor-version":[{"id":29485,"href":"https:\/\/messi.com\/ca\/wp-json\/wp\/v2\/posts\/29478\/revisions\/29485"}],"wp:featuredmedia":[{"embeddable":true,"href":"https:\/\/messi.com\/ca\/wp-json\/wp\/v2\/media\/29481"}],"wp:attachment":[{"href":"https:\/\/messi.com\/ca\/wp-json\/wp\/v2\/media?parent=29478"}],"wp:term":[{"taxonomy":"category","embeddable":true,"href":"https:\/\/messi.com\/ca\/wp-json\/wp\/v2\/categories?post=29478"},{"taxonomy":"post_tag","embeddable":true,"href":"https:\/\/messi.com\/ca\/wp-json\/wp\/v2\/tags?post=29478"}],"curies":[{"name":"wp","href":"https:\/\/api.w.org\/{rel}","templated":true}]}}